{"id":10969,"date":"2023-02-01T06:44:32","date_gmt":"2023-02-01T06:44:32","guid":{"rendered":"https:\/\/www.ra-vsz.hr\/?p=10969"},"modified":"2023-02-01T06:44:35","modified_gmt":"2023-02-01T06:44:35","slug":"novi-europski-bauhaus-booster-2-0-objavljen-novi-poziv","status":"publish","type":"post","link":"https:\/\/www.ra-vsz.hr\/en\/novi-europski-bauhaus-booster-2-0-objavljen-novi-poziv\/","title":{"rendered":"Novi europski Bauhaus Booster 2.0 &#8211; objavljen novi poziv"},"content":{"rendered":"<p><\/p>\n\n\n\n<p><strong>Novi europski Bauhaus \u2013 objavljen novi poziv&nbsp;(Booster 2.0)<\/strong><\/p>\n\n\n\n<p><a href=\"https:\/\/eur03.safelinks.protection.outlook.com\/?url=https%3A%2F%2Feit.europa.eu%2F&amp;data=05%7C01%7CIngrid.Gojevic%40mpgi.hr%7Cfb873406db4e47e0c56108db0391a6f3%7C80b371a5db604559a15f7df3747c88c8%7C0%7C0%7C638107696327278471%7CUnknown%7CTWFpbGZsb3d8eyJWIjoiMC4wLjAwMDAiLCJQIjoiV2luMzIiLCJBTiI6Ik1haWwiLCJXVCI6Mn0%3D%7C3000%7C%7C%7C&amp;sdata=OLMhdYrzGhOLnl4VAvG%2FmJ5oeKE4gY%2BOuIwzdX%2FbIm0%3D&amp;reserved=0\" target=\"_blank\" rel=\"noreferrer noopener\">Europski institut za inovacije i tehnologiju (EIT)<\/a>&nbsp;objavio je poziv pod nazivom&nbsp;<a href=\"https:\/\/eur03.safelinks.protection.outlook.com\/?url=https%3A%2F%2Fwww.eitdigital.eu%2Four-messages%2Fcalls-tenders%2Fnew-european-bauhaus-booster-2%2F&amp;data=05%7C01%7CIngrid.Gojevic%40mpgi.hr%7Cfb873406db4e47e0c56108db0391a6f3%7C80b371a5db604559a15f7df3747c88c8%7C0%7C0%7C638107696327298372%7CUnknown%7CTWFpbGZsb3d8eyJWIjoiMC4wLjAwMDAiLCJQIjoiV2luMzIiLCJBTiI6Ik1haWwiLCJXVCI6Mn0%3D%7C3000%7C%7C%7C&amp;sdata=xnlem6rA07KFKzT7AhHSRKG5eR4zIez1lgPX0fB567w%3D&amp;reserved=0\" target=\"_blank\" rel=\"noreferrer noopener\">\u201eNew European Bauhaus Booster 2.0\u201c<\/a>&nbsp;za potporu start-up ili rastu\u0107im poduze\u0107ima koja razvijaju inovativna rje\u0161enja u skladu s temeljnim vrijednostima NEB-a (odr\u017eivost, estetika i uklju\u010divost) i sljede\u0107im prioritetima:<\/p>\n\n\n\n<ol class=\"wp-block-list\" type=\"1\" start=\"1\">\n<li>Ponovno povezivanje s prirodom,<\/li>\n\n\n\n<li>Vra\u0107anje osje\u0107aja pripadnosti,<\/li>\n\n\n\n<li>Davanje prioriteta mjestima i ljudima kojim je to najpotrebnije,<\/li>\n\n\n\n<li>Potreba za dugoro\u010dnim razmi\u0161ljanjem o \u017eivotnom ciklusu u industrijskom ekosustavu.<\/li>\n<\/ol>\n\n\n\n<p>Izabrani kandidati bit \u0107e uklju\u010deni u novi NEB program ubrzanja prilago\u0111en svakom poduze\u0107u. Kroz program \u0107e se procijeniti i dalje razvijati poslovna struktura poduze\u0107a, kao i temeljne vrijednosti i na\u010dela NEB-a unutar svake organizacije.<\/p>\n\n\n\n<p>20 vode\u0107ih poduze\u0107a bit \u0107e nagra\u0111eno podr\u0161kom u vrijednosti 1 milijuna eura.\u00a0<a href=\"https:\/\/eur03.safelinks.protection.outlook.com\/?url=https%3A%2F%2Fwww.eitdigital.eu%2Four-messages%2Fcalls-tenders%2Fnew-european-bauhaus-booster-2%2F&amp;data=05%7C01%7CIngrid.Gojevic%40mpgi.hr%7Cfb873406db4e47e0c56108db0391a6f3%7C80b371a5db604559a15f7df3747c88c8%7C0%7C0%7C638107696327308332%7CUnknown%7CTWFpbGZsb3d8eyJWIjoiMC4wLjAwMDAiLCJQIjoiV2luMzIiLCJBTiI6Ik1haWwiLCJXVCI6Mn0%3D%7C3000%7C%7C%7C&amp;sdata=799bTOkzkMFCK50IxAopH9SDP%2Frs0Y3WnLjT7Xc2vfo%3D&amp;reserved=0\" target=\"_blank\" rel=\"noreferrer noopener\">Vi\u0161e o tome<\/a>.<\/p>\n\n\n\n<p>Rok za&nbsp;<a href=\"https:\/\/eur03.safelinks.protection.outlook.com\/?url=https%3A%2F%2Fwww.eitdigital.eu%2Four-messages%2Fcalls-tenders%2Fnew-european-bauhaus-booster-2%2F&amp;data=05%7C01%7CIngrid.Gojevic%40mpgi.hr%7Cfb873406db4e47e0c56108db0391a6f3%7C80b371a5db604559a15f7df3747c88c8%7C0%7C0%7C638107696327318279%7CUnknown%7CTWFpbGZsb3d8eyJWIjoiMC4wLjAwMDAiLCJQIjoiV2luMzIiLCJBTiI6Ik1haWwiLCJXVCI6Mn0%3D%7C3000%7C%7C%7C&amp;sdata=bd31zWwkdDMH201VNQTWnbLfZVPhXYbfVPlGIth674Y%3D&amp;reserved=0\" target=\"_blank\" rel=\"noreferrer noopener\">prijavu<\/a>&nbsp;je 13. o\u017eujka 2023. godine.<\/p>","protected":false},"excerpt":{"rendered":"<p>Novi europski Bauhaus \u2013 objavljen novi poziv&nbsp;(Booster 2.0) Europski institut za inovacije i tehnologiju (EIT)&nbsp;objavio je poziv pod nazivom&nbsp;\u201eNew European Bauhaus Booster 2.0\u201c&nbsp;za potporu start-up ili rastu\u0107im poduze\u0107ima koja razvijaju inovativna rje\u0161enja u skladu s temeljnim vrijednostima NEB-a (odr\u017eivost, estetika i uklju\u010divost) i sljede\u0107im prioritetima: Izabrani kandidati bit \u0107e uklju\u010deni u novi NEB program ubrzanja [&hellip;]<\/p>","protected":false},"author":1,"featured_media":10970,"comment_status":"closed","ping_status":"open","sticky":false,"template":"","format":"standard","meta":{"_et_pb_use_builder":"","_et_pb_old_content":"","_et_gb_content_width":"","footnotes":""},"categories":[6,4],"tags":[],"class_list":["post-10969","post","type-post","status-publish","format-standard","has-post-thumbnail","hentry","category-natjecaji","category-vijesti"],"_links":{"self":[{"href":"https:\/\/www.ra-vsz.hr\/en\/wp-json\/wp\/v2\/posts\/10969","targetHints":{"allow":["GET"]}}],"collection":[{"href":"https:\/\/www.ra-vsz.hr\/en\/wp-json\/wp\/v2\/posts"}],"about":[{"href":"https:\/\/www.ra-vsz.hr\/en\/wp-json\/wp\/v2\/types\/post"}],"author":[{"embeddable":true,"href":"https:\/\/www.ra-vsz.hr\/en\/wp-json\/wp\/v2\/users\/1"}],"replies":[{"embeddable":true,"href":"https:\/\/www.ra-vsz.hr\/en\/wp-json\/wp\/v2\/comments?post=10969"}],"version-history":[{"count":1,"href":"https:\/\/www.ra-vsz.hr\/en\/wp-json\/wp\/v2\/posts\/10969\/revisions"}],"predecessor-version":[{"id":10971,"href":"https:\/\/www.ra-vsz.hr\/en\/wp-json\/wp\/v2\/posts\/10969\/revisions\/10971"}],"wp:featuredmedia":[{"embeddable":true,"href":"https:\/\/www.ra-vsz.hr\/en\/wp-json\/wp\/v2\/media\/10970"}],"wp:attachment":[{"href":"https:\/\/www.ra-vsz.hr\/en\/wp-json\/wp\/v2\/media?parent=10969"}],"wp:term":[{"taxonomy":"category","embeddable":true,"href":"https:\/\/www.ra-vsz.hr\/en\/wp-json\/wp\/v2\/categories?post=10969"},{"taxonomy":"post_tag","embeddable":true,"href":"https:\/\/www.ra-vsz.hr\/en\/wp-json\/wp\/v2\/tags?post=10969"}],"curies":[{"name":"wp","href":"https:\/\/api.w.org\/{rel}","templated":true}]}}