{"id":10561,"date":"2023-01-27T10:34:56","date_gmt":"2023-01-27T10:34:56","guid":{"rendered":"https:\/\/www.ra-vsz.hr\/?p=10561"},"modified":"2023-01-27T10:34:58","modified_gmt":"2023-01-27T10:34:58","slug":"poziv-za-podnosenje-projektnih-prijedloga-za-dodjelu-bespovratnih-europskih-sredstava-za-financiranje-transnacionalnih-mjera-za-integraciju-u-okviru-fonda-za-azil-migracije-i-integraciju-fami","status":"publish","type":"post","link":"https:\/\/www.ra-vsz.hr\/en\/poziv-za-podnosenje-projektnih-prijedloga-za-dodjelu-bespovratnih-europskih-sredstava-za-financiranje-transnacionalnih-mjera-za-integraciju-u-okviru-fonda-za-azil-migracije-i-integraciju-fami\/","title":{"rendered":"Poziv za podno\u0161enje projektnih prijedloga za dodjelu bespovratnih europskih sredstava za financiranje transnacionalnih mjera za integraciju u okviru Fonda za azil, migracije i integraciju (FAMI)"},"content":{"rendered":"<p>Europska komisija 17. sije\u010dnja 2023. godine objavila je poziv za podno\u0161enje projektnih prijedloga za dodjelu bespovratnih europskih sredstava za financiranje transnacionalnih mjera za integraciju u okviru Fonda za azil, migracije i integraciju (FAMI). Prijaviteljima je na raspolaganju iznos od 40 milijuna eura.<\/p>\n\n\n\n<p><strong>Poziv je otvoren do 16. svibnja 2023. godine, detalji o pozivu nalaze se na sljede\u0107oj poveznici <\/strong><a href=\"https:\/\/ec.europa.eu\/info\/funding-tenders\/opportunities\/portal\/screen\/opportunities\/topic-search;callCode=AMIF-2023-TF2-AG-CALL;freeTextSearchKeyword=;matchWholeText=true;typeCodes=1;statusCodes=31094501,31094502,31094503;programmePeriod=null;programCcm2Id=43251447;programDivisionCode=null;focusAreaCode=null;destinationGroup=null;missionGroup=null;geographicalZonesCode=null;programmeDivisionProspect=null;startDateLte=null;startDateGte=null;crossCuttingPriorityCode=null;cpvCode=null;performanceOfDelivery=null;sortQuery=sortStatus;orderBy=asc;onlyTenders=false;topicListKey=callTopicSearchTableState\" target=\"_blank\" rel=\"noopener\"><strong>POZIV<\/strong><\/a>.<\/p>\n\n\n\n<p>Glavne mjere koje se mogu financirati uklju\u010duju programe sponzorstva zajednice, unapre\u0111enje integracije na tr\u017ei\u0161te rada i dodatne mehanizme povezane s radom. Klju\u010dni su korisnici projekata migranti, uklju\u010duju\u0107i osobe kojima je potrebna za\u0161tita.<strong><\/strong><\/p>\n\n\n\n<p>Mjere koje \u0107e se financirati u okviru ovog poziva uklju\u010duju promicanje programa sponzorstva zajednice te ulogu lokalnih i regionalnih vlasti u uklju\u010divanju i integraciji migranata. Financijska sredstva bit \u0107e dostupna i za mjere kojima se unapre\u0111uje integracija na tr\u017ei\u0161te rada, primjerice poticanjem suradnje izme\u0111u gospodarskih i socijalnih partnera, poslodavaca i javnih tijela. Poziv se odnosi i na promicanje komplementarnih mehanizama povezanih s radom, podupiranje integracije u obrazovanje, kao i za\u0161titu djece migranata.<\/p>\n\n\n\n<p>Integracija i uklju\u010divanje dr\u017eavljana tre\u0107ih zemalja u EU poma\u017eu europskim dru\u0161tvima da postanu povezanija, otpornija i prosperitetnija, a to je predvi\u0111eno i <a href=\"https:\/\/eur-lex.europa.eu\/legal-content\/HR\/TXT\/HTML\/?uri=CELEX:52020DC0758&amp;from=EN\" target=\"_blank\" rel=\"noopener\">Akcijskom planu EU-a za integraciju i uklju\u010divanje<\/a>, s kojim je poziv iz FAMI-ja uskla\u0111en.<\/p>\n\n\n\n<p>Glavni ciljevi tog poziva najavljeni su na <a href=\"https:\/\/ec.europa.eu\/commission\/presscorner\/detail\/en\/ip_22_7773\" target=\"_blank\" rel=\"noopener\">Europskom partnerstvu za integraciju<\/a> i na <a href=\"https:\/\/ec.europa.eu\/commission\/presscorner\/detail\/en\/ip_22_7248\" target=\"_blank\" rel=\"noopener\">forumu na visokoj razini o zakonitim putovima do za\u0161tite<\/a>. Poziv se temelji i na prethodnim iskustvima kojima se podupire integracija, kao \u0161to je prihvat osoba koje bje\u017ee od neopravdane ruske invazije na Ukrajinu. Anga\u017eman zajednice od klju\u010dne je va\u017enosti. Kako bi pru\u017eila smjernice o organizaciji privatnih inicijativa za stanovanje za osobe koje bje\u017ee iz Ukrajine, Komisija je izdala <a href=\"https:\/\/home-affairs.ec.europa.eu\/safe-homes-guidance_en\" target=\"_blank\" rel=\"noopener\">smjernice za sigurne domove<\/a>.<\/p>\n\n\n\n<p>Vi\u0161e informacija dostupno je u <a href=\"https:\/\/home-affairs.ec.europa.eu\/funding\/asylum-migration-and-integration-funds\/asylum-migration-and-integration-fund-2021-2027_en\" target=\"_blank\" rel=\"noopener\">programu rada<\/a> i na <a href=\"https:\/\/ec.europa.eu\/info\/funding-tenders\/opportunities\/portal\/screen\/opportunities\/topic-search;callCode=AMIF-2023-TF2-AG-CALL;freeTextSearchKeyword=;matchWholeText=true;typeCodes=1;statusCodes=31094501,31094502,31094503;programmePeriod=null;programCcm2Id=null;programDivisionCode=null;focusAreaCode=null;destinationGroup=null;missionGroup=null;geographicalZonesCode=null;programmeDivisionProspect=null;startDateLte=null;startDateGte=null;crossCuttingPriorityCode=null;cpvCode=null;performanceOfDelivery=null;sortQuery=title;orderBy=asc;onlyTenders=false;topicListKey=callTopicSearchTableState\" target=\"_blank\" rel=\"noopener\">portalu za financiranje i natje\u010daje<\/a>.<\/p>","protected":false},"excerpt":{"rendered":"<p>Europska komisija 17. sije\u010dnja 2023. godine objavila je poziv za podno\u0161enje projektnih prijedloga za dodjelu bespovratnih europskih sredstava za financiranje transnacionalnih mjera za integraciju u okviru Fonda za azil, migracije i integraciju (FAMI). Prijaviteljima je na raspolaganju iznos od 40 milijuna eura. Poziv je otvoren do 16. svibnja 2023. godine, detalji o pozivu nalaze se [&hellip;]<\/p>","protected":false},"author":1,"featured_media":10562,"comment_status":"closed","ping_status":"open","sticky":false,"template":"","format":"standard","meta":{"_et_pb_use_builder":"","_et_pb_old_content":"","_et_gb_content_width":"","footnotes":""},"categories":[6,4],"tags":[],"class_list":["post-10561","post","type-post","status-publish","format-standard","has-post-thumbnail","hentry","category-natjecaji","category-vijesti"],"_links":{"self":[{"href":"https:\/\/www.ra-vsz.hr\/en\/wp-json\/wp\/v2\/posts\/10561","targetHints":{"allow":["GET"]}}],"collection":[{"href":"https:\/\/www.ra-vsz.hr\/en\/wp-json\/wp\/v2\/posts"}],"about":[{"href":"https:\/\/www.ra-vsz.hr\/en\/wp-json\/wp\/v2\/types\/post"}],"author":[{"embeddable":true,"href":"https:\/\/www.ra-vsz.hr\/en\/wp-json\/wp\/v2\/users\/1"}],"replies":[{"embeddable":true,"href":"https:\/\/www.ra-vsz.hr\/en\/wp-json\/wp\/v2\/comments?post=10561"}],"version-history":[{"count":1,"href":"https:\/\/www.ra-vsz.hr\/en\/wp-json\/wp\/v2\/posts\/10561\/revisions"}],"predecessor-version":[{"id":10563,"href":"https:\/\/www.ra-vsz.hr\/en\/wp-json\/wp\/v2\/posts\/10561\/revisions\/10563"}],"wp:featuredmedia":[{"embeddable":true,"href":"https:\/\/www.ra-vsz.hr\/en\/wp-json\/wp\/v2\/media\/10562"}],"wp:attachment":[{"href":"https:\/\/www.ra-vsz.hr\/en\/wp-json\/wp\/v2\/media?parent=10561"}],"wp:term":[{"taxonomy":"category","embeddable":true,"href":"https:\/\/www.ra-vsz.hr\/en\/wp-json\/wp\/v2\/categories?post=10561"},{"taxonomy":"post_tag","embeddable":true,"href":"https:\/\/www.ra-vsz.hr\/en\/wp-json\/wp\/v2\/tags?post=10561"}],"curies":[{"name":"wp","href":"https:\/\/api.w.org\/{rel}","templated":true}]}}