{"id":10558,"date":"2023-01-27T07:25:49","date_gmt":"2023-01-27T07:25:49","guid":{"rendered":"https:\/\/www.ra-vsz.hr\/?p=10558"},"modified":"2023-02-01T11:12:41","modified_gmt":"2023-02-01T11:12:41","slug":"fond-za-mala-i-srednja-poduzeca-2023","status":"publish","type":"post","link":"https:\/\/www.ra-vsz.hr\/en\/fond-za-mala-i-srednja-poduzeca-2023\/","title":{"rendered":"Fond za mala i srednja poduze\u0107a 2023."},"content":{"rendered":"<p><strong>Ideas Powered for Business \u2013 Fond za MSP-ove\u00a0<\/strong>je shema bespovratnih sredstava\u00a0<strong>u obliku vrijednosnih kupona (vau\u010dera)\u00a0<\/strong>osmi\u0161ljena za pomo\u0107\u00a0<strong>malim i srednjim poduze\u0107ima (SME)\u00a0<\/strong>u\u00a0<strong>EU-<\/strong>u u za\u0161titi\u00a0<strong>njihovih prava intelektualnog vlasni\u0161tva (IP)\u00a0<\/strong>kojima \u0107e se sufinancirati aktivnosti povezane s intelektualnim vlasni\u0161tvom (preddijagnosti\u010dka usluga povezana s intelektualnim vlasni\u0161tvom (IP Scan), za\u0161tita \u017eiga i dizajna unutar i izvan EU) kao i aktivnosti povezane s patentima.<\/p>\n\n\n\n<p><strong>Fond za mala i srednja poduze\u0107a&nbsp;<\/strong>\u2013 inicijativa je Europske komisije koju provodi&nbsp;<strong>Ured Europske unije za intelektualno vlasni\u0161tvo (EUIPO)<\/strong>, a trajat \u0107e od&nbsp;<strong>23. sije\u010dnja&nbsp;<\/strong>do&nbsp;<strong>8. prosinca 2023.<\/strong>&nbsp;godine.<\/p>\n\n\n\n<p><strong>Sredstva su ograni\u010dena i dostupna po principu tko prvi do\u0111e<\/strong>, prvi dobije.<\/p>\n\n\n\n<p><strong>Za\u0161tita intelektualnog vlasni\u0161tva<\/strong>&nbsp;(IP) je obavezna u digitalno doba. To je legalan na\u010din izbjegavanja kopiranja ili kori\u0161tenja jedinstvenih ideja, proizvoda ili usluga bez dopu\u0161tenja.&nbsp;<strong>Za\u0161tita intelektualnog vlasni\u0161tva<\/strong>&nbsp;putem&nbsp;<strong>Fonda za mala i srednja poduze\u0107a<\/strong>&nbsp;mo\u017ee pokriti mnogo razli\u010ditih dobara, uklju\u010duju\u0107i robne marke, dizajne, patente i biljne sorte.<\/p>\n\n\n\n<p>Financijska potpora se nudi malim i srednjim poduze\u0107ima osnovanim u Europskoj uniji. Prijavu mo\u017ee podnijeti vlasnik, zaposlenik ili ovla\u0161teni vanjski predstavnik u njihovo ime. Bespovratna sredstva se dodjeljuju malim i srednjim poduze\u0107ima, a povrat se uvijek prenosi izravno na njihov bankovni ra\u010dun.<\/p>\n\n\n\n<figure class=\"wp-block-image\"><img decoding=\"async\" src=\"https:\/\/mail.google.com\/mail\/u\/0?ui=2&amp;ik=307b04b4e1&amp;attid=0.1&amp;permmsgid=msg-f:1756157634202565844&amp;th=185f2010543bfcd4&amp;view=fimg&amp;fur=ip&amp;sz=s0-l75-ft&amp;attbid=ANGjdJ9iQzbeeQBZbVU_TXDZnSV_ClzTxLrC5y_ap6pEuJgI2j2YDSDUN_enJMPb66Ibw8OtcJEhC6K5FrLSErc2Y5V0WK7Um_hvCgUdlPVwNpOhulxc0klCoTwf4Os&amp;disp=emb&amp;realattid=ii_lde62r0m0\" alt=\"image (6).png\"\/><\/figure>\n\n\n\n<p>Postupak prijave je jednostavan, a potrebni su sljede\u0107i dokumenti (pdf format):<\/p>\n\n\n\n<ul class=\"wp-block-list\">\n<li>bankovni izvod poduze\u0107a&nbsp;(<a href=\"https:\/\/euipo.europa.eu\/tunnel-web\/secure\/webdav\/guest\/document_library\/Documents\/Finance\/bank-certificate.pdf\" target=\"_blank\" rel=\"noreferrer noopener\">uzorak<\/a>)&nbsp;koji sadr\u017ei sljede\u0107e podatke: naziv poduze\u0107a kao vlasnika ra\u010duna, IBAN s kodom dr\u017eave&nbsp;(<a href=\"https:\/\/euipo.europa.eu\/tunnel-web\/secure\/webdav\/guest\/document_library\/Documents\/COSME\/IBAN%20numbers%20EU.pdf\" target=\"_blank\" rel=\"noreferrer noopener\">primjeri<\/a>), i BIS\/SWIFT kod<\/li>\n\n\n\n<li>potvrdu o PDV-u poduze\u0107a&nbsp;<a href=\"https:\/\/euipo.europa.eu\/tunnel-web\/secure\/webdav\/guest\/document_library\/Documents\/COSME\/VAT%20numbers%20EU.pdf\" target=\"_blank\" rel=\"noreferrer noopener\">ili potvrda o nacionalnom registracijskom broju<\/a>&nbsp;koju je izdalo nadle\u017eno nacionalno tijelo<\/li>\n\n\n\n<li>ako malo i srednje poduze\u0107e koristi usluge vanjskog predstavnika mora se dostaviti&nbsp; Izjava \u010dasti&nbsp;(<a href=\"https:\/\/euipo.europa.eu\/tunnel-web\/secure\/webdav\/guest\/document_library\/contentPdfs\/about_euipo\/Grants\/GR_001_23\/Declaration_for_representatives_en.docx\" target=\"_blank\" rel=\"noreferrer noopener\">predlo\u017eak<\/a>), potpisana od strane ovla\u0161tenog vlasnika ili zaposlenika malog i srednjeg poduze\u0107a.<\/li>\n<\/ul>\n\n\n\n<p><a href=\"https:\/\/euipo.europa.eu\/sme-fund-2023\/user\/login?destination=\/sme-fund-2023\/\" target=\"_blank\" rel=\"noreferrer noopener\">Prijava | SME Fund 2023 (europa.eu)<\/a><\/p>\n\n\n\n<p><a href=\"https:\/\/euipo.europa.eu\/tunnel-web\/secure\/webdav\/guest\/document_library\/contentPdfs\/about_euipo\/Grants\/GR_001_23\/gr_001_23_call_notice_hr.pdf\" target=\"_blank\" rel=\"noreferrer noopener\">Poziv<\/a><\/p>\n\n\n\n<p><a href=\"https:\/\/euipo.europa.eu\/tunnel-web\/secure\/webdav\/guest\/document_library\/contentImages\/smefund\/IPSCAN\/files\/EUIPO_Fees-file-Croatia.pdf\" target=\"_blank\" rel=\"noreferrer noopener\">Popis indikativnih naknada koje se mogu nadoknaditi po aktivnosti u Hrvatskoj<\/a>.<\/p>\n\n\n\n<p>Webinar:&nbsp;<a href=\"https:\/\/euipo.blumm.it\/event\/ar\/283\/webinar-20230131-1000\" target=\"_blank\" rel=\"noreferrer noopener\">Osna\u017eite svoje poslovanje s novim izdanjem Fonda za mala i srednja poduze\u0107a<\/a>, Utorak,&nbsp;<strong>31. sije\u010dnja 2023. godine od 10-10,50 sati CET<\/strong>.<\/p>","protected":false},"excerpt":{"rendered":"<p>Ideas Powered for Business \u2013 Fond za MSP-ove\u00a0je shema bespovratnih sredstava\u00a0u obliku vrijednosnih kupona (vau\u010dera)\u00a0osmi\u0161ljena za pomo\u0107\u00a0malim i srednjim poduze\u0107ima (SME)\u00a0u\u00a0EU-u u za\u0161titi\u00a0njihovih prava intelektualnog vlasni\u0161tva (IP)\u00a0kojima \u0107e se sufinancirati aktivnosti povezane s intelektualnim vlasni\u0161tvom (preddijagnosti\u010dka usluga povezana s intelektualnim vlasni\u0161tvom (IP Scan), za\u0161tita \u017eiga i dizajna unutar i izvan EU) kao i aktivnosti povezane [&hellip;]<\/p>","protected":false},"author":1,"featured_media":10559,"comment_status":"closed","ping_status":"open","sticky":false,"template":"","format":"standard","meta":{"_et_pb_use_builder":"","_et_pb_old_content":"","_et_gb_content_width":"","footnotes":""},"categories":[6,4],"tags":[],"class_list":["post-10558","post","type-post","status-publish","format-standard","has-post-thumbnail","hentry","category-natjecaji","category-vijesti"],"_links":{"self":[{"href":"https:\/\/www.ra-vsz.hr\/en\/wp-json\/wp\/v2\/posts\/10558","targetHints":{"allow":["GET"]}}],"collection":[{"href":"https:\/\/www.ra-vsz.hr\/en\/wp-json\/wp\/v2\/posts"}],"about":[{"href":"https:\/\/www.ra-vsz.hr\/en\/wp-json\/wp\/v2\/types\/post"}],"author":[{"embeddable":true,"href":"https:\/\/www.ra-vsz.hr\/en\/wp-json\/wp\/v2\/users\/1"}],"replies":[{"embeddable":true,"href":"https:\/\/www.ra-vsz.hr\/en\/wp-json\/wp\/v2\/comments?post=10558"}],"version-history":[{"count":2,"href":"https:\/\/www.ra-vsz.hr\/en\/wp-json\/wp\/v2\/posts\/10558\/revisions"}],"predecessor-version":[{"id":10972,"href":"https:\/\/www.ra-vsz.hr\/en\/wp-json\/wp\/v2\/posts\/10558\/revisions\/10972"}],"wp:featuredmedia":[{"embeddable":true,"href":"https:\/\/www.ra-vsz.hr\/en\/wp-json\/wp\/v2\/media\/10559"}],"wp:attachment":[{"href":"https:\/\/www.ra-vsz.hr\/en\/wp-json\/wp\/v2\/media?parent=10558"}],"wp:term":[{"taxonomy":"category","embeddable":true,"href":"https:\/\/www.ra-vsz.hr\/en\/wp-json\/wp\/v2\/categories?post=10558"},{"taxonomy":"post_tag","embeddable":true,"href":"https:\/\/www.ra-vsz.hr\/en\/wp-json\/wp\/v2\/tags?post=10558"}],"curies":[{"name":"wp","href":"https:\/\/api.w.org\/{rel}","templated":true}]}}