{"id":10555,"date":"2023-01-26T13:55:38","date_gmt":"2023-01-26T13:55:38","guid":{"rendered":"https:\/\/www.ra-vsz.hr\/?p=10555"},"modified":"2023-01-26T13:55:41","modified_gmt":"2023-01-26T13:55:41","slug":"informativna-radionica-za-predstavnike-osnovnih-skola-o-mogucnostima-koristenja-eu-fondova-u-nadolazecem-periodu","status":"publish","type":"post","link":"https:\/\/www.ra-vsz.hr\/en\/informativna-radionica-za-predstavnike-osnovnih-skola-o-mogucnostima-koristenja-eu-fondova-u-nadolazecem-periodu\/","title":{"rendered":"Informativna radionica za predstavnike osnovnih \u0161kola o mogu\u0107nostima kori\u0161tenja EU fondova u nadolaze\u0107em periodu"},"content":{"rendered":"<p>U organizaciji Upravnog odjela za obrazovanje i dru\u0161tvene djelatnosti Vukovarsko-srijemske \u017eupanije i Razvojne agencije Vukovarsko-srijemske \u017eupanije 27. sije\u010dnja 2023. godine u prostorijama velike vije\u0107nice Vukovarsko-srijemske \u017eupanije odr\u017eat \u0107e se informativna radionica s predstavnicima osnovnih \u0161kola s podru\u010dja Vukovarsko-srijemske \u017eupanije. Na navedenoj informativnoj radionici prisutnima \u0107e se prezentirati mogu\u0107nosti financiranja projekata iz Europskih strukturnih i investicijskih fondova 2021.-2027. s fokusom na osnovne \u0161kole.<\/p>","protected":false},"excerpt":{"rendered":"<p>U organizaciji Upravnog odjela za obrazovanje i dru\u0161tvene djelatnosti Vukovarsko-srijemske \u017eupanije i Razvojne agencije Vukovarsko-srijemske \u017eupanije 27. sije\u010dnja 2023. godine u prostorijama velike vije\u0107nice Vukovarsko-srijemske \u017eupanije odr\u017eat \u0107e se informativna radionica s predstavnicima osnovnih \u0161kola s podru\u010dja Vukovarsko-srijemske \u017eupanije. Na navedenoj informativnoj radionici prisutnima \u0107e se prezentirati mogu\u0107nosti financiranja projekata iz Europskih strukturnih i investicijskih [&hellip;]<\/p>","protected":false},"author":1,"featured_media":10556,"comment_status":"closed","ping_status":"open","sticky":false,"template":"","format":"standard","meta":{"_et_pb_use_builder":"","_et_pb_old_content":"","_et_gb_content_width":"","footnotes":""},"categories":[4],"tags":[],"class_list":["post-10555","post","type-post","status-publish","format-standard","has-post-thumbnail","hentry","category-vijesti"],"_links":{"self":[{"href":"https:\/\/www.ra-vsz.hr\/en\/wp-json\/wp\/v2\/posts\/10555","targetHints":{"allow":["GET"]}}],"collection":[{"href":"https:\/\/www.ra-vsz.hr\/en\/wp-json\/wp\/v2\/posts"}],"about":[{"href":"https:\/\/www.ra-vsz.hr\/en\/wp-json\/wp\/v2\/types\/post"}],"author":[{"embeddable":true,"href":"https:\/\/www.ra-vsz.hr\/en\/wp-json\/wp\/v2\/users\/1"}],"replies":[{"embeddable":true,"href":"https:\/\/www.ra-vsz.hr\/en\/wp-json\/wp\/v2\/comments?post=10555"}],"version-history":[{"count":1,"href":"https:\/\/www.ra-vsz.hr\/en\/wp-json\/wp\/v2\/posts\/10555\/revisions"}],"predecessor-version":[{"id":10557,"href":"https:\/\/www.ra-vsz.hr\/en\/wp-json\/wp\/v2\/posts\/10555\/revisions\/10557"}],"wp:featuredmedia":[{"embeddable":true,"href":"https:\/\/www.ra-vsz.hr\/en\/wp-json\/wp\/v2\/media\/10556"}],"wp:attachment":[{"href":"https:\/\/www.ra-vsz.hr\/en\/wp-json\/wp\/v2\/media?parent=10555"}],"wp:term":[{"taxonomy":"category","embeddable":true,"href":"https:\/\/www.ra-vsz.hr\/en\/wp-json\/wp\/v2\/categories?post=10555"},{"taxonomy":"post_tag","embeddable":true,"href":"https:\/\/www.ra-vsz.hr\/en\/wp-json\/wp\/v2\/tags?post=10555"}],"curies":[{"name":"wp","href":"https:\/\/api.w.org\/{rel}","templated":true}]}}