{"id":10546,"date":"2023-01-25T12:21:17","date_gmt":"2023-01-25T12:21:17","guid":{"rendered":"https:\/\/www.ra-vsz.hr\/?p=10546"},"modified":"2023-01-25T12:21:20","modified_gmt":"2023-01-25T12:21:20","slug":"poziv-price-o-europskoj-bastini","status":"publish","type":"post","link":"https:\/\/www.ra-vsz.hr\/en\/poziv-price-o-europskoj-bastini\/","title":{"rendered":"Poziv \u2013 Pri\u010de o europskoj ba\u0161tini"},"content":{"rendered":"<p><strong>Pri\u010de o europskoj ba\u0161tini<\/strong>&nbsp;inicijativa je dodjele bespovratnih sredstava za inovativne projekte koje su razvile lokalne zajednice diljem Europe. Organizirana je od strane Europske komisije i Vije\u0107a Europe.<\/p>\n\n\n\n<p>Poziv ima za cilj identificirati europsku dimenziju mjesta ba\u0161tine i rada na ba\u0161tini koje poduzimaju zajednice u Europi.&nbsp;Odnosi se na pro\u0161le ili postoje\u0107e pri\u010de koje bi zajednice \u017eeljele podijeliti i potencijalno razviti u projekt za daljnji doprinos svojim zajednicama.<\/p>\n\n\n\n<p><strong>Dani europske ba\u0161tine<\/strong>&nbsp;doga\u0111aj je koji okuplja europske gra\u0111ane kako bi proslavili, podijelili i podr\u017eali rad koji poduzimaju zajednice u Europi. Njihova paneuropska priroda poma\u017ee u isticanju europske dimenzije i vrijednosti kulturne ba\u0161tine.<\/p>\n\n\n\n<p>Uz&nbsp;<strong>Pri\u010de o europskoj ba\u0161tini<\/strong>, zajednice diljem kontinenta pozvane su podijeliti svoje posebne pri\u010de o europskoj kulturnoj ba\u0161tini.<\/p>\n\n\n\n<p>Poziv ima za cilj:<\/p>\n\n\n\n<ul class=\"wp-block-list\">\n<li>potaknuti ljude na bavljenje europskom kulturnom ba\u0161tinom i ja\u010danjem osje\u0107aja pripadnosti europskom zajedni\u010dkom prostoru<\/li>\n\n\n\n<li>prikupiti svjedo\u010danstva\/pri\u010de koje daju uvid u to kako zajednice razumiju europsku dimenziju lokalne ba\u0161tine<\/li>\n\n\n\n<li>identificirati i promovirati zajednice koje rade s ba\u0161tinom u skladu s europskim vrijednostima i s dugoro\u010dnom perspektivom suradnje<\/li>\n\n\n\n<li>nagraditi zajednice za njihov trud i potaknuti ih na dalje razvijanje pri\u010da<\/li>\n\n\n\n<li>motivirati i potaknuti zajednice, dobitnike nagrade za europsku ba\u0161tinu\/nagradu Europa Nostra i mjesta s oznakom europske ba\u0161tine na sudjelovanje u&nbsp;<strong>Danima europske ba\u0161tine<\/strong>.<\/li>\n<\/ul>\n\n\n\n<p>Sve pri\u010de koje ispunjavaju kriterije prihvatljivosti bit \u0107e objavljene kao pri\u010de&nbsp;<strong>Dana europske ba\u0161tine<\/strong>, promovirane na europskoj razini i dobit \u0107e potporu do&nbsp;<strong>10.000<\/strong>&nbsp;<strong>eura<\/strong>.<\/p>\n\n\n\n<p>U u\u017ei izbor bit \u0107e izabrano 20 najvi\u0161e rangiranih prijava koje \u0107e bit pozvane na sudjelovanje u sljede\u0107oj fazi natje\u010dajnog postupka dodjele bespovratnih sredstava<\/p>\n\n\n\n<p>Rok za prijave do&nbsp;<strong>28. velja\u010de 2023. godine.<\/strong><\/p>\n\n\n\n<p>Pobjednici \u0107e biti objavljeni&nbsp;<strong>15. lipnja 2023. godine.<\/strong><\/p>\n\n\n\n<p><a href=\"https:\/\/www.europeanheritagedays.com\/Story\/Add\" target=\"_blank\" rel=\"noreferrer noopener\">Obrazac prijave<\/a><\/p>\n\n\n\n<p><a href=\"https:\/\/www.europeanheritagedays.com\/Call-European-Heritage-Days-Stories-2023-TC\" target=\"_blank\" rel=\"noreferrer noopener\">Odredbe i uvjeti<\/a><\/p>","protected":false},"excerpt":{"rendered":"<p>Pri\u010de o europskoj ba\u0161tini&nbsp;inicijativa je dodjele bespovratnih sredstava za inovativne projekte koje su razvile lokalne zajednice diljem Europe. Organizirana je od strane Europske komisije i Vije\u0107a Europe. Poziv ima za cilj identificirati europsku dimenziju mjesta ba\u0161tine i rada na ba\u0161tini koje poduzimaju zajednice u Europi.&nbsp;Odnosi se na pro\u0161le ili postoje\u0107e pri\u010de koje bi zajednice \u017eeljele [&hellip;]<\/p>","protected":false},"author":1,"featured_media":10547,"comment_status":"closed","ping_status":"open","sticky":false,"template":"","format":"standard","meta":{"_et_pb_use_builder":"","_et_pb_old_content":"","_et_gb_content_width":"","footnotes":""},"categories":[6,4],"tags":[],"class_list":["post-10546","post","type-post","status-publish","format-standard","has-post-thumbnail","hentry","category-natjecaji","category-vijesti"],"_links":{"self":[{"href":"https:\/\/www.ra-vsz.hr\/en\/wp-json\/wp\/v2\/posts\/10546","targetHints":{"allow":["GET"]}}],"collection":[{"href":"https:\/\/www.ra-vsz.hr\/en\/wp-json\/wp\/v2\/posts"}],"about":[{"href":"https:\/\/www.ra-vsz.hr\/en\/wp-json\/wp\/v2\/types\/post"}],"author":[{"embeddable":true,"href":"https:\/\/www.ra-vsz.hr\/en\/wp-json\/wp\/v2\/users\/1"}],"replies":[{"embeddable":true,"href":"https:\/\/www.ra-vsz.hr\/en\/wp-json\/wp\/v2\/comments?post=10546"}],"version-history":[{"count":1,"href":"https:\/\/www.ra-vsz.hr\/en\/wp-json\/wp\/v2\/posts\/10546\/revisions"}],"predecessor-version":[{"id":10548,"href":"https:\/\/www.ra-vsz.hr\/en\/wp-json\/wp\/v2\/posts\/10546\/revisions\/10548"}],"wp:featuredmedia":[{"embeddable":true,"href":"https:\/\/www.ra-vsz.hr\/en\/wp-json\/wp\/v2\/media\/10547"}],"wp:attachment":[{"href":"https:\/\/www.ra-vsz.hr\/en\/wp-json\/wp\/v2\/media?parent=10546"}],"wp:term":[{"taxonomy":"category","embeddable":true,"href":"https:\/\/www.ra-vsz.hr\/en\/wp-json\/wp\/v2\/categories?post=10546"},{"taxonomy":"post_tag","embeddable":true,"href":"https:\/\/www.ra-vsz.hr\/en\/wp-json\/wp\/v2\/tags?post=10546"}],"curies":[{"name":"wp","href":"https:\/\/api.w.org\/{rel}","templated":true}]}}