{"id":10511,"date":"2023-01-24T12:53:00","date_gmt":"2023-01-24T12:53:00","guid":{"rendered":"https:\/\/www.ra-vsz.hr\/?p=10511"},"modified":"2023-01-24T12:53:04","modified_gmt":"2023-01-24T12:53:04","slug":"otvoren-poziv-za-price-o-europskoj-bastini-european-heritage-days-stories","status":"publish","type":"post","link":"https:\/\/www.ra-vsz.hr\/en\/otvoren-poziv-za-price-o-europskoj-bastini-european-heritage-days-stories\/","title":{"rendered":"Otvoren poziv za \u201ePri\u010de o europskoj ba\u0161tini\u201c (European Heritage Days Stories)"},"content":{"rendered":"<p>\u201ePri\u010de o europskoj ba\u0161tini\u201c (European Heritage Days Stories) inicijativa je Europske komisije i Vije\u0107a Europe, koja poti\u010de inovativne projekte u lokalnim zajednicama diljem Europe. Poziv je to na dijeljenje zanimljivih pri\u010da o europskoj kulturnoj ba\u0161tini koje \u0107e se objaviti kao Pri\u010de Dana europske ba\u0161tine. Dani europske ba\u0161tine doga\u0111aji su koji okupljaju europske gra\u0111ane kako bi proslavili, podijelili i podr\u017eali aktivnosti lokalnih zajednica u Europi \u010dija paneuropska priroda poma\u017ee u isticanju europske dimenzije i vrijednosti europske ba\u0161tine.<\/p>\n\n\n\n<p><strong>CILJEVI POZIVA:<\/strong><\/p>\n\n\n\n<ul class=\"wp-block-list\">\n<li>potaknuti ljude da se bave europskom kulturnom ba\u0161tinom i oja\u010dati osje\u0107aj pripadnosti europskom zajedni\u010dkom prostoru<\/li>\n\n\n\n<li>prikupiti svjedo\u010danstva\/pri\u010de koje daju uvid u to kako zajednice razumiju europsku dimenziju lokalne ba\u0161tine,<\/li>\n\n\n\n<li>identificirati i promovirati zajednice koje se bave ba\u0161tinom u skladu s europskim vrijednostima i dugoro\u010dnom perspektivom suradnje,<\/li>\n\n\n\n<li>nagraditi zajednice za njihov trud i potaknuti ih da dalje razvijaju svoje pri\u010de,<\/li>\n\n\n\n<li>motivirati i potaknuti zajednice, dobitnike nagrada za europsku ba\u0161tinu\/nagradu Europa Nostra i mjesta s Oznakom europske ba\u0161tine (EHL) da sudjeluju u Danima europske ba\u0161tine.<\/li>\n<\/ul>\n\n\n\n<p>Sve pri\u010de koje ispunjavaju kriterije prihvatljivosti bit \u0107e objavljene kao pri\u010de Dana europske ba\u0161tine koje \u0107e se promovirati na europskoj razini, a dobit \u0107e i potporu do 10.000,00 eura.<\/p>\n\n\n\n<p>Prijave se predaju putem obrasca za prijavu, na engleskom ili francuskom jeziku, a rok za predaju je 28. velja\u010de 2023.<\/p>\n\n\n\n<p>20 najbolje rangiranih projektnih ideja bit \u0107e pozvano da dostave detaljne projektne prijedloge i prora\u010dune koji \u0107e se razmatrati u sljede\u0107oj fazi postupka dodjele bespovratnih sredstava. Postupak odabira i kriterije prona\u0111ite na stranici Pri\u010de Dana europske ba\u0161tine. Pobjednici \u0107e biti objavljeni 15. lipnja 2023. godine.<\/p>\n\n\n\n<p>Dani europske ba\u0161tine jedna je od najslavnijih participativnih kulturnih manifestacija u Europi koju je 1985. godine pokrenulo Vije\u0107e Europe, a 1999. godine inicijativi se pridru\u017eila i Europska unija kako bi se kreirala zajedni\u010dka aktivnost koja slavi kulturnu ba\u0161tinu svih europskih naroda i koja traje do danas. Paneuropski karakter doga\u0111anja pridonosi zbli\u017eavanju ljudi i nagla\u0161ava europsku dimenziju kao i vrijednost kulturne ba\u0161tine u 50 dr\u017eava potpisnica Europske kulturne konvencije. Tisu\u0107e doga\u0111anja organiziraju se svake godine kako bi se podigla svijest o zajedni\u010dkoj europskoj ba\u0161tini i stalnoj potrebi za njezinom za\u0161titom, kao i za stvaranje zajedni\u010dkih iskustava kulturne ba\u0161tine, promicanje uklju\u010divosti te poticanje kreativnosti i ma\u0161te.<\/p>\n\n\n\n<p>Vi\u0161e o pozivu mo\u017eete prona\u0107i na <a href=\"https:\/\/deskkultura.hr\/hr\/novosti\/ispricajte-svoju-pricu-o-europskoj-bastini-poziv-za-financiranje-dana-europske-bastine-2023\" target=\"_blank\" rel=\"noopener\">poveznici<\/a>.<\/p>","protected":false},"excerpt":{"rendered":"<p>\u201ePri\u010de o europskoj ba\u0161tini\u201c (European Heritage Days Stories) inicijativa je Europske komisije i Vije\u0107a Europe, koja poti\u010de inovativne projekte u lokalnim zajednicama diljem Europe. Poziv je to na dijeljenje zanimljivih pri\u010da o europskoj kulturnoj ba\u0161tini koje \u0107e se objaviti kao Pri\u010de Dana europske ba\u0161tine. Dani europske ba\u0161tine doga\u0111aji su koji okupljaju europske gra\u0111ane kako bi [&hellip;]<\/p>","protected":false},"author":1,"featured_media":10512,"comment_status":"closed","ping_status":"open","sticky":false,"template":"","format":"standard","meta":{"_et_pb_use_builder":"","_et_pb_old_content":"","_et_gb_content_width":"","footnotes":""},"categories":[4],"tags":[],"class_list":["post-10511","post","type-post","status-publish","format-standard","has-post-thumbnail","hentry","category-vijesti"],"_links":{"self":[{"href":"https:\/\/www.ra-vsz.hr\/en\/wp-json\/wp\/v2\/posts\/10511","targetHints":{"allow":["GET"]}}],"collection":[{"href":"https:\/\/www.ra-vsz.hr\/en\/wp-json\/wp\/v2\/posts"}],"about":[{"href":"https:\/\/www.ra-vsz.hr\/en\/wp-json\/wp\/v2\/types\/post"}],"author":[{"embeddable":true,"href":"https:\/\/www.ra-vsz.hr\/en\/wp-json\/wp\/v2\/users\/1"}],"replies":[{"embeddable":true,"href":"https:\/\/www.ra-vsz.hr\/en\/wp-json\/wp\/v2\/comments?post=10511"}],"version-history":[{"count":1,"href":"https:\/\/www.ra-vsz.hr\/en\/wp-json\/wp\/v2\/posts\/10511\/revisions"}],"predecessor-version":[{"id":10513,"href":"https:\/\/www.ra-vsz.hr\/en\/wp-json\/wp\/v2\/posts\/10511\/revisions\/10513"}],"wp:featuredmedia":[{"embeddable":true,"href":"https:\/\/www.ra-vsz.hr\/en\/wp-json\/wp\/v2\/media\/10512"}],"wp:attachment":[{"href":"https:\/\/www.ra-vsz.hr\/en\/wp-json\/wp\/v2\/media?parent=10511"}],"wp:term":[{"taxonomy":"category","embeddable":true,"href":"https:\/\/www.ra-vsz.hr\/en\/wp-json\/wp\/v2\/categories?post=10511"},{"taxonomy":"post_tag","embeddable":true,"href":"https:\/\/www.ra-vsz.hr\/en\/wp-json\/wp\/v2\/tags?post=10511"}],"curies":[{"name":"wp","href":"https:\/\/api.w.org\/{rel}","templated":true}]}}