{"id":10460,"date":"2023-01-20T06:46:54","date_gmt":"2023-01-20T06:46:54","guid":{"rendered":"https:\/\/www.ra-vsz.hr\/?p=10460"},"modified":"2023-01-20T06:46:57","modified_gmt":"2023-01-20T06:46:57","slug":"javni-poziv-za-financiranje-sufinanciranje-aktivnosti-psiholoskog-i-socijalnog-osnazivanja-te-podizanja-kvalitete-zivljenja","status":"publish","type":"post","link":"https:\/\/www.ra-vsz.hr\/en\/javni-poziv-za-financiranje-sufinanciranje-aktivnosti-psiholoskog-i-socijalnog-osnazivanja-te-podizanja-kvalitete-zivljenja\/","title":{"rendered":"Javni poziv za financiranje\/sufinanciranje aktivnosti psiholo\u0161kog i socijalnog osna\u017eivanja te podizanja kvalitete \u017eivljenja"},"content":{"rendered":"<p>Ministarstvo hrvatskih branitelja objavljuje&nbsp;<a href=\"https:\/\/branitelji.gov.hr\/o-ministarstvu-15\/javne-rasprave\/javni-pozivi\/aktualni-javni-pozivi\/919\" target=\"_blank\" rel=\"noopener\">Javni poziv<\/a>&nbsp;za financiranje\/sufinanciranje aktivnosti psiholo\u0161kog i socijalnog osna\u017eivanja te podizanja kvalitete \u017eivljenja hrvatskih branitelja iz Domovinskog rata i \u010dlanova njihovih obitelji te stradalnika iz Domovinskog rata i aktivnosti promicanja vrijednosti Domovinskog rata u 2023. godini.<br><br>Rok za prijavu na Poziv je 17. o\u017eujka 2023. godine.&nbsp;<\/p>","protected":false},"excerpt":{"rendered":"<p>Ministarstvo hrvatskih branitelja objavljuje&nbsp;Javni poziv&nbsp;za financiranje\/sufinanciranje aktivnosti psiholo\u0161kog i socijalnog osna\u017eivanja te podizanja kvalitete \u017eivljenja hrvatskih branitelja iz Domovinskog rata i \u010dlanova njihovih obitelji te stradalnika iz Domovinskog rata i aktivnosti promicanja vrijednosti Domovinskog rata u 2023. godini. Rok za prijavu na Poziv je 17. o\u017eujka 2023. godine.&nbsp;<\/p>","protected":false},"author":1,"featured_media":0,"comment_status":"closed","ping_status":"open","sticky":false,"template":"","format":"standard","meta":{"_et_pb_use_builder":"","_et_pb_old_content":"","_et_gb_content_width":"","footnotes":""},"categories":[6,4],"tags":[],"class_list":["post-10460","post","type-post","status-publish","format-standard","hentry","category-natjecaji","category-vijesti"],"_links":{"self":[{"href":"https:\/\/www.ra-vsz.hr\/en\/wp-json\/wp\/v2\/posts\/10460","targetHints":{"allow":["GET"]}}],"collection":[{"href":"https:\/\/www.ra-vsz.hr\/en\/wp-json\/wp\/v2\/posts"}],"about":[{"href":"https:\/\/www.ra-vsz.hr\/en\/wp-json\/wp\/v2\/types\/post"}],"author":[{"embeddable":true,"href":"https:\/\/www.ra-vsz.hr\/en\/wp-json\/wp\/v2\/users\/1"}],"replies":[{"embeddable":true,"href":"https:\/\/www.ra-vsz.hr\/en\/wp-json\/wp\/v2\/comments?post=10460"}],"version-history":[{"count":1,"href":"https:\/\/www.ra-vsz.hr\/en\/wp-json\/wp\/v2\/posts\/10460\/revisions"}],"predecessor-version":[{"id":10461,"href":"https:\/\/www.ra-vsz.hr\/en\/wp-json\/wp\/v2\/posts\/10460\/revisions\/10461"}],"wp:attachment":[{"href":"https:\/\/www.ra-vsz.hr\/en\/wp-json\/wp\/v2\/media?parent=10460"}],"wp:term":[{"taxonomy":"category","embeddable":true,"href":"https:\/\/www.ra-vsz.hr\/en\/wp-json\/wp\/v2\/categories?post=10460"},{"taxonomy":"post_tag","embeddable":true,"href":"https:\/\/www.ra-vsz.hr\/en\/wp-json\/wp\/v2\/tags?post=10460"}],"curies":[{"name":"wp","href":"https:\/\/api.w.org\/{rel}","templated":true}]}}