{"id":10285,"date":"2023-01-19T08:19:35","date_gmt":"2023-01-19T08:19:35","guid":{"rendered":"https:\/\/www.ra-vsz.hr\/?p=10285"},"modified":"2023-01-19T08:19:37","modified_gmt":"2023-01-19T08:19:37","slug":"upravljanje-migracijama","status":"publish","type":"post","link":"https:\/\/www.ra-vsz.hr\/en\/upravljanje-migracijama\/","title":{"rendered":"Upravljanje migracijama"},"content":{"rendered":"<p>Upravljanje migracijama: Komisija objavila poziv na podno\u0161enje prijedloga u iznosu od 40 milijuna eura za financiranje transnacionalnih mjera za integraciju<\/p>\n\n\n\n<p>Financijska sredstva bit \u0107e dostupna i za mjere kojima se unapre\u0111uje integracija na tr\u017ei\u0161te rada, primjerice poticanjem suradnje izme\u0111u gospodarskih i socijalnih partnera, poslodavaca i javnih tijela.<\/p>\n\n\n\n<p>Europska komisija objavila je 17. sije\u010dnja novi poziv na podno\u0161enje prijedloga za dodjelu bespovratnih sredstava EU-a za djelovanje u iznosu od 40 milijuna eura u okviru Fonda za azil, integracije i migraciju (FAMI). Poziv je otvoren do 16. svibnja 2023. Glavne mjere koje se mogu financirati uklju\u010duju programe sponzorstva zajednice, unapre\u0111enje integracije na tr\u017ei\u0161te rada i dodatne mehanizme povezane s radom. Klju\u010dni su korisnici projekata migranti, uklju\u010duju\u0107i osobe kojima je potrebna za\u0161tita.<\/p>\n\n\n\n<p>Mjere koje \u0107e se financirati u okviru ovog poziva uklju\u010duju promicanje programa sponzorstva zajednice te ulogu lokalnih i regionalnih vlasti u uklju\u010divanju i integraciji migranata. Financijska sredstva bit \u0107e dostupna i za mjere kojima se unapre\u0111uje integracija na tr\u017ei\u0161te rada, primjerice poticanjem suradnje izme\u0111u gospodarskih i socijalnih partnera, poslodavaca i javnih tijela. Poziv se odnosi i na promicanje komplementarnih mehanizama povezanih s radom, podupiranje integracije u obrazovanje, kao i za\u0161titu djece migranata.<\/p>\n\n\n\n<p>Integracija i uklju\u010divanje dr\u017eavljana tre\u0107ih zemalja u EU poma\u017ee na\u0161im dru\u0161tvima da postanu povezanija, otpornija i prosperitetnija. To je utvr\u0111eno u&nbsp;<a href=\"https:\/\/eur-lex.europa.eu\/legal-content\/HR\/TXT\/HTML\/?uri=CELEX:52020DC0758&amp;from=EN\" target=\"_blank\" rel=\"noopener\">Akcijskom planu EU-a za integraciju i uklju\u010divanje<\/a>, s kojim je poziv iz FAMI-ja uskla\u0111en.<\/p>\n\n\n\n<p>Vi\u0161e informacija dostupno je u&nbsp;<a href=\"https:\/\/home-affairs.ec.europa.eu\/funding\/asylum-migration-and-integration-funds\/asylum-migration-and-integration-fund-2021-2027_en\" target=\"_blank\" rel=\"noopener\">programu rada<\/a>&nbsp;i na&nbsp;<a href=\"https:\/\/ec.europa.eu\/info\/funding-tenders\/opportunities\/portal\/screen\/opportunities\/topic-search;callCode=AMIF-2023-TF2-AG-CALL;freeTextSearchKeyword=;matchWholeText=true;typeCodes=1;statusCodes=31094501,31094502,31094503;programmePeriod=null;programCcm2Id=null;programDivisionCode=null;focusAreaCode=null;destinationGroup=null;missionGroup=null;geographicalZonesCode=null;programmeDivisionProspect=null;startDateLte=null;startDateGte=null;crossCuttingPriorityCode=null;cpvCode=null;performanceOfDelivery=null;sortQuery=title;orderBy=asc;onlyTenders=false;topicListKey=callTopicSearchTableState\" target=\"_blank\" rel=\"noopener\">portalu za financiranje i natje\u010daje<\/a>.<\/p>","protected":false},"excerpt":{"rendered":"<p>Upravljanje migracijama: Komisija objavila poziv na podno\u0161enje prijedloga u iznosu od 40 milijuna eura za financiranje transnacionalnih mjera za integraciju Financijska sredstva bit \u0107e dostupna i za mjere kojima se unapre\u0111uje integracija na tr\u017ei\u0161te rada, primjerice poticanjem suradnje izme\u0111u gospodarskih i socijalnih partnera, poslodavaca i javnih tijela. Europska komisija objavila je 17. sije\u010dnja novi poziv [&hellip;]<\/p>","protected":false},"author":1,"featured_media":10286,"comment_status":"closed","ping_status":"open","sticky":false,"template":"","format":"standard","meta":{"_et_pb_use_builder":"","_et_pb_old_content":"","_et_gb_content_width":"","footnotes":""},"categories":[6,4],"tags":[],"class_list":["post-10285","post","type-post","status-publish","format-standard","has-post-thumbnail","hentry","category-natjecaji","category-vijesti"],"_links":{"self":[{"href":"https:\/\/www.ra-vsz.hr\/en\/wp-json\/wp\/v2\/posts\/10285","targetHints":{"allow":["GET"]}}],"collection":[{"href":"https:\/\/www.ra-vsz.hr\/en\/wp-json\/wp\/v2\/posts"}],"about":[{"href":"https:\/\/www.ra-vsz.hr\/en\/wp-json\/wp\/v2\/types\/post"}],"author":[{"embeddable":true,"href":"https:\/\/www.ra-vsz.hr\/en\/wp-json\/wp\/v2\/users\/1"}],"replies":[{"embeddable":true,"href":"https:\/\/www.ra-vsz.hr\/en\/wp-json\/wp\/v2\/comments?post=10285"}],"version-history":[{"count":1,"href":"https:\/\/www.ra-vsz.hr\/en\/wp-json\/wp\/v2\/posts\/10285\/revisions"}],"predecessor-version":[{"id":10287,"href":"https:\/\/www.ra-vsz.hr\/en\/wp-json\/wp\/v2\/posts\/10285\/revisions\/10287"}],"wp:featuredmedia":[{"embeddable":true,"href":"https:\/\/www.ra-vsz.hr\/en\/wp-json\/wp\/v2\/media\/10286"}],"wp:attachment":[{"href":"https:\/\/www.ra-vsz.hr\/en\/wp-json\/wp\/v2\/media?parent=10285"}],"wp:term":[{"taxonomy":"category","embeddable":true,"href":"https:\/\/www.ra-vsz.hr\/en\/wp-json\/wp\/v2\/categories?post=10285"},{"taxonomy":"post_tag","embeddable":true,"href":"https:\/\/www.ra-vsz.hr\/en\/wp-json\/wp\/v2\/tags?post=10285"}],"curies":[{"name":"wp","href":"https:\/\/api.w.org\/{rel}","templated":true}]}}