{"id":10271,"date":"2023-01-17T07:37:02","date_gmt":"2023-01-17T07:37:02","guid":{"rendered":"https:\/\/www.ra-vsz.hr\/?p=10271"},"modified":"2023-01-17T07:37:05","modified_gmt":"2023-01-17T07:37:05","slug":"javni-poziv-za-sufinanciranje-audiovizualnih-djela-o-domovinskom-ratu","status":"publish","type":"post","link":"https:\/\/www.ra-vsz.hr\/en\/javni-poziv-za-sufinanciranje-audiovizualnih-djela-o-domovinskom-ratu\/","title":{"rendered":"Javni poziv za sufinanciranje audiovizualnih djela o Domovinskom ratu"},"content":{"rendered":"<p>S ciljem o\u010duvanja ste\u010devina i ubla\u017eavanja negativnih posljedica Domovinskog rata kroz poticanje stvaranja audiovizualnih djela o Domovinskom ratu, Ministarstvo hrvatskih branitelja objavljuje&nbsp;<a href=\"https:\/\/branitelji.gov.hr\/o-ministarstvu-15\/javne-rasprave\/javni-pozivi\/aktualni-javni-pozivi\/919\" target=\"_blank\" rel=\"noopener\">Javni poziv<\/a>&nbsp;za sufinanciranje audiovizualnih djela o Domovinskom ratu sredstvima Dr\u017eavnog prora\u010duna Republike Hrvatske u 2023. godini<\/p>\n\n\n\n<p>Navedeni javni poziv otvoren je u razdoblju od 16. sije\u010dnja do 14. velja\u010de 2023. godine.<\/p>","protected":false},"excerpt":{"rendered":"<p>S ciljem o\u010duvanja ste\u010devina i ubla\u017eavanja negativnih posljedica Domovinskog rata kroz poticanje stvaranja audiovizualnih djela o Domovinskom ratu, Ministarstvo hrvatskih branitelja objavljuje&nbsp;Javni poziv&nbsp;za sufinanciranje audiovizualnih djela o Domovinskom ratu sredstvima Dr\u017eavnog prora\u010duna Republike Hrvatske u 2023. godini Navedeni javni poziv otvoren je u razdoblju od 16. sije\u010dnja do 14. velja\u010de 2023. godine.<\/p>","protected":false},"author":1,"featured_media":0,"comment_status":"closed","ping_status":"open","sticky":false,"template":"","format":"standard","meta":{"_et_pb_use_builder":"off","_et_pb_old_content":"","_et_gb_content_width":"","footnotes":""},"categories":[6,4],"tags":[],"class_list":["post-10271","post","type-post","status-publish","format-standard","hentry","category-natjecaji","category-vijesti"],"_links":{"self":[{"href":"https:\/\/www.ra-vsz.hr\/en\/wp-json\/wp\/v2\/posts\/10271","targetHints":{"allow":["GET"]}}],"collection":[{"href":"https:\/\/www.ra-vsz.hr\/en\/wp-json\/wp\/v2\/posts"}],"about":[{"href":"https:\/\/www.ra-vsz.hr\/en\/wp-json\/wp\/v2\/types\/post"}],"author":[{"embeddable":true,"href":"https:\/\/www.ra-vsz.hr\/en\/wp-json\/wp\/v2\/users\/1"}],"replies":[{"embeddable":true,"href":"https:\/\/www.ra-vsz.hr\/en\/wp-json\/wp\/v2\/comments?post=10271"}],"version-history":[{"count":1,"href":"https:\/\/www.ra-vsz.hr\/en\/wp-json\/wp\/v2\/posts\/10271\/revisions"}],"predecessor-version":[{"id":10272,"href":"https:\/\/www.ra-vsz.hr\/en\/wp-json\/wp\/v2\/posts\/10271\/revisions\/10272"}],"wp:attachment":[{"href":"https:\/\/www.ra-vsz.hr\/en\/wp-json\/wp\/v2\/media?parent=10271"}],"wp:term":[{"taxonomy":"category","embeddable":true,"href":"https:\/\/www.ra-vsz.hr\/en\/wp-json\/wp\/v2\/categories?post=10271"},{"taxonomy":"post_tag","embeddable":true,"href":"https:\/\/www.ra-vsz.hr\/en\/wp-json\/wp\/v2\/tags?post=10271"}],"curies":[{"name":"wp","href":"https:\/\/api.w.org\/{rel}","templated":true}]}}