{"id":10253,"date":"2023-01-16T10:53:54","date_gmt":"2023-01-16T10:53:54","guid":{"rendered":"https:\/\/www.ra-vsz.hr\/?p=10253"},"modified":"2023-01-16T10:53:57","modified_gmt":"2023-01-16T10:53:57","slug":"obavijest-o-novoj-stranici-esf","status":"publish","type":"post","link":"https:\/\/www.ra-vsz.hr\/en\/obavijest-o-novoj-stranici-esf\/","title":{"rendered":"Obavijest o novoj stranici ESF+"},"content":{"rendered":"<p>Upravlja\u010dko tijelo za&nbsp;<strong>Program U\u010dinkoviti ljudski potencijali 2021.-2027.&nbsp;<\/strong>obavje\u0161tava sve korisnike i posjetitelje mre\u017ene stranice&nbsp;<strong>Europskog socijalnog fonda<\/strong>&nbsp;<strong>www.esf.hr<\/strong>&nbsp;da je, po odobrenju Programa za novo financijsko razdoblje, izra\u0111ena stranica&nbsp;<strong>Europskog socijalnog fonda plus (ESF+).<\/strong><\/p>\n\n\n\n<p>U okviru&nbsp;<strong>nove mre\u017ene stranice ESF+<\/strong>&nbsp;bit \u0107e dostupne informacije o Programu s prikazom odabranih prioriteta ulaganja, povezanim ciljevima, aktivnostima te dostupnim mogu\u0107nostima financiranja, kao i postignu\u0107ima u okviru Programa. Sukladno daljnjoj dinamici provedbe Programa stranica \u0107e se kontinuirano razvijati i \u0161iriti svoj sadr\u017eaj.<\/p>\n\n\n\n<p><strong>Nova mre\u017ena stranica ESF+<\/strong>\u00a0bit \u0107e dostupna na poveznici\u00a0<a href=\"http:\/\/www.esf.hr\/esfplus\" target=\"_blank\" rel=\"noopener\">www.esf.hr\/esfplus\u00a0<\/a>.<\/p>","protected":false},"excerpt":{"rendered":"<p>Upravlja\u010dko tijelo za&nbsp;Program U\u010dinkoviti ljudski potencijali 2021.-2027.&nbsp;obavje\u0161tava sve korisnike i posjetitelje mre\u017ene stranice&nbsp;Europskog socijalnog fonda&nbsp;www.esf.hr&nbsp;da je, po odobrenju Programa za novo financijsko razdoblje, izra\u0111ena stranica&nbsp;Europskog socijalnog fonda plus (ESF+). U okviru&nbsp;nove mre\u017ene stranice ESF+&nbsp;bit \u0107e dostupne informacije o Programu s prikazom odabranih prioriteta ulaganja, povezanim ciljevima, aktivnostima te dostupnim mogu\u0107nostima financiranja, kao i postignu\u0107ima u [&hellip;]<\/p>","protected":false},"author":1,"featured_media":10254,"comment_status":"closed","ping_status":"open","sticky":false,"template":"","format":"standard","meta":{"_et_pb_use_builder":"off","_et_pb_old_content":"","_et_gb_content_width":"","footnotes":""},"categories":[4,6],"tags":[],"class_list":["post-10253","post","type-post","status-publish","format-standard","has-post-thumbnail","hentry","category-vijesti","category-natjecaji"],"_links":{"self":[{"href":"https:\/\/www.ra-vsz.hr\/en\/wp-json\/wp\/v2\/posts\/10253","targetHints":{"allow":["GET"]}}],"collection":[{"href":"https:\/\/www.ra-vsz.hr\/en\/wp-json\/wp\/v2\/posts"}],"about":[{"href":"https:\/\/www.ra-vsz.hr\/en\/wp-json\/wp\/v2\/types\/post"}],"author":[{"embeddable":true,"href":"https:\/\/www.ra-vsz.hr\/en\/wp-json\/wp\/v2\/users\/1"}],"replies":[{"embeddable":true,"href":"https:\/\/www.ra-vsz.hr\/en\/wp-json\/wp\/v2\/comments?post=10253"}],"version-history":[{"count":1,"href":"https:\/\/www.ra-vsz.hr\/en\/wp-json\/wp\/v2\/posts\/10253\/revisions"}],"predecessor-version":[{"id":10256,"href":"https:\/\/www.ra-vsz.hr\/en\/wp-json\/wp\/v2\/posts\/10253\/revisions\/10256"}],"wp:featuredmedia":[{"embeddable":true,"href":"https:\/\/www.ra-vsz.hr\/en\/wp-json\/wp\/v2\/media\/10254"}],"wp:attachment":[{"href":"https:\/\/www.ra-vsz.hr\/en\/wp-json\/wp\/v2\/media?parent=10253"}],"wp:term":[{"taxonomy":"category","embeddable":true,"href":"https:\/\/www.ra-vsz.hr\/en\/wp-json\/wp\/v2\/categories?post=10253"},{"taxonomy":"post_tag","embeddable":true,"href":"https:\/\/www.ra-vsz.hr\/en\/wp-json\/wp\/v2\/tags?post=10253"}],"curies":[{"name":"wp","href":"https:\/\/api.w.org\/{rel}","templated":true}]}}