{"id":10154,"date":"2023-01-13T10:51:59","date_gmt":"2023-01-13T10:51:59","guid":{"rendered":"https:\/\/www.ra-vsz.hr\/?p=10154"},"modified":"2023-01-13T10:52:49","modified_gmt":"2023-01-13T10:52:49","slug":"poziv-za-predlaganje-programa-javnih-potreba-u-kulturi-i-tehnickoj-kulturi-vukovarsko-srijemske-zupanije-za-2023-godinu","status":"publish","type":"post","link":"https:\/\/www.ra-vsz.hr\/en\/poziv-za-predlaganje-programa-javnih-potreba-u-kulturi-i-tehnickoj-kulturi-vukovarsko-srijemske-zupanije-za-2023-godinu\/","title":{"rendered":"Poziv za predlaganje Programa javnih potreba u kulturi i tehni\u010dkoj kulturi Vukovarsko &#8211; srijemske \u017eupanije za 2023. godinu"},"content":{"rendered":"<p>U prora\u010dunu Vukovarsko-srijemske \u017eupanije (Razdjel: 010, Upravni odjel za turizam i kulturu, Glava: 010 03: Kultura) osiguravaju se sredstva za javne potrebe u kulturi i tehni\u010dkoj kulturi, a to su djelatnosti u kulturi i tehni\u010dkoj kulturi, aktivnosti, manifestacije i projekti u kulturi i tehni\u010dkoj kulturi od interesa za Vukovarsko-srijemsku \u017eupaniju.<\/p>\n\n\n\n<p>Javne potrebe u kulturi i tehni\u010dkoj kulturi Vukovarsko-srijemske \u017eupanije za 2023. godine odnose se na ustanove u kulturi, umjetni\u010dke organizacije, umjetnike, udruge, druge fizi\u010dke i pravne osobe u sljede\u0107im djelatnostima i podru\u010djima:<\/p>\n\n\n\n<p>\u2012 knjigu i nakladni\u0161tvo<\/p>\n\n\n\n<p>\u2012 dramsku i plesnu umjetnost<\/p>\n\n\n\n<p>\u2012 glazbenu i glazbeno-scensku umjetnost<\/p>\n\n\n\n<p>\u2012 vizualne umjetnosti<\/p>\n\n\n\n<p>\u2012 me\u0111unarodnu kulturnu suradnju<\/p>\n\n\n\n<p>\u2012 kulturno-umjetni\u010dki amaterizam<\/p>\n\n\n\n<p>\u2012 interdisciplinarne i nove umjetni\u010dke i kulturne prakse.<\/p>\n\n\n\n<p>Pravo podno\u0161enja prijedloga za dodjelu sredstava iz Programa javnih potreba u kulturi i tehni\u010dkoj kulturi Vukovarsko-srijemske \u017eupanije za 2023. godinu imaju ustanove, udruge, gra\u0111ani i druge pravne osobe s razli\u010ditim programima i projektima s podru\u010dja kulture i tehni\u010dke kulture s podru\u010dja Vukovarsko-srijemske \u017eupanije, osim hrvatskih tradicijskih manifestacija i programa hrvatske tradicijske kulture za koje se prijedlozi programa \/ projekta podnose Zajednici kulturno-umjetni\u010dkih djelatnosti Vukovarsko-srijemske \u017eupanije (ZAKUD VS\u017d).<\/p>\n\n\n\n<p>Prijavu projekta na Poziv mo\u017ee podnijeti udruga upisana u Registar udruga i Registar neprofitnih organizacija odnosno, zaklada, ustanova ili druga pravna osoba \u010dija temeljna svrha nije stjecanje dobiti te je kao takva i registrirana u odgovaraju\u0107em Registru na podru\u010dju cijele Republike Hrvatske.<\/p>\n\n\n\n<p>Najmanji iznos financijskih sredstava koji se mo\u017ee prijaviti i ugovoriti po pojedinom programu\/projektu je 132,72 \u20ac, a najve\u0107i iznos po pojedinom programu\/projektu je 5.308,91 \u20ac.<\/p>\n\n\n\n<p><strong>Prijave se podnose u razdoblju od 11. sije\u010dnja do 11. velja\u010de 2023. godine.<\/strong><\/p>\n\n\n\n<p>Vi\u0161e informacija na <a href=\"https:\/\/www.vusz.hr\/javni-pozivi-i-objave-vs-zupanije\/poziv-za-predlaganje-programa-javnih-potreba-u-kulturi-i-tehnickoj-kulturi-vukovarsko-srij-6\" target=\"_blank\" rel=\"noopener\">poveznici<\/a>.<\/p>\n\n\n\n<p><\/p>\n\n\n\n<p><\/p>","protected":false},"excerpt":{"rendered":"<p>U prora\u010dunu Vukovarsko-srijemske \u017eupanije (Razdjel: 010, Upravni odjel za turizam i kulturu, Glava: 010 03: Kultura) osiguravaju se sredstva za javne potrebe u kulturi i tehni\u010dkoj kulturi, a to su djelatnosti u kulturi i tehni\u010dkoj kulturi, aktivnosti, manifestacije i projekti u kulturi i tehni\u010dkoj kulturi od interesa za Vukovarsko-srijemsku \u017eupaniju. Javne potrebe u kulturi i [&hellip;]<\/p>","protected":false},"author":1,"featured_media":10155,"comment_status":"closed","ping_status":"open","sticky":false,"template":"","format":"standard","meta":{"_et_pb_use_builder":"off","_et_pb_old_content":"","_et_gb_content_width":"","footnotes":""},"categories":[6,4],"tags":[],"class_list":["post-10154","post","type-post","status-publish","format-standard","has-post-thumbnail","hentry","category-natjecaji","category-vijesti"],"_links":{"self":[{"href":"https:\/\/www.ra-vsz.hr\/en\/wp-json\/wp\/v2\/posts\/10154","targetHints":{"allow":["GET"]}}],"collection":[{"href":"https:\/\/www.ra-vsz.hr\/en\/wp-json\/wp\/v2\/posts"}],"about":[{"href":"https:\/\/www.ra-vsz.hr\/en\/wp-json\/wp\/v2\/types\/post"}],"author":[{"embeddable":true,"href":"https:\/\/www.ra-vsz.hr\/en\/wp-json\/wp\/v2\/users\/1"}],"replies":[{"embeddable":true,"href":"https:\/\/www.ra-vsz.hr\/en\/wp-json\/wp\/v2\/comments?post=10154"}],"version-history":[{"count":2,"href":"https:\/\/www.ra-vsz.hr\/en\/wp-json\/wp\/v2\/posts\/10154\/revisions"}],"predecessor-version":[{"id":10157,"href":"https:\/\/www.ra-vsz.hr\/en\/wp-json\/wp\/v2\/posts\/10154\/revisions\/10157"}],"wp:featuredmedia":[{"embeddable":true,"href":"https:\/\/www.ra-vsz.hr\/en\/wp-json\/wp\/v2\/media\/10155"}],"wp:attachment":[{"href":"https:\/\/www.ra-vsz.hr\/en\/wp-json\/wp\/v2\/media?parent=10154"}],"wp:term":[{"taxonomy":"category","embeddable":true,"href":"https:\/\/www.ra-vsz.hr\/en\/wp-json\/wp\/v2\/categories?post=10154"},{"taxonomy":"post_tag","embeddable":true,"href":"https:\/\/www.ra-vsz.hr\/en\/wp-json\/wp\/v2\/tags?post=10154"}],"curies":[{"name":"wp","href":"https:\/\/api.w.org\/{rel}","templated":true}]}}