{"id":10008,"date":"2023-01-12T06:05:04","date_gmt":"2023-01-12T06:05:04","guid":{"rendered":"https:\/\/www.ra-vsz.hr\/?p=10008"},"modified":"2023-01-12T17:33:40","modified_gmt":"2023-01-12T17:33:40","slug":"pronadena-neet","status":"publish","type":"post","link":"https:\/\/www.ra-vsz.hr\/en\/pronadena-neet\/","title":{"rendered":"\u201cProna\u0111ena NEET\u201c"},"content":{"rendered":"<p>\u201cProna\u0111ena NEET\u201c je projekt \u010diji je nositelj PRONI Centra za socijalno podu\u010davanje, a partneri u istom su Razvojne agencije Vukovarsko-srijemske \u017eupanije, Pu\u010dko otvoreno u\u010dili\u0161ta Osijek, Nansen dijalog centar Osijek te podru\u010dni uredi Hrvatskoga zavoda za zapo\u0161ljavanje Vukovar i Osijek.<\/p>\n\n\n\n<p>Kroz projekt uklju\u010dene su mlade osobe u nepovoljnom polo\u017eaju, koje pripadaju skupini izvan sustava obrazovanja, zapo\u0161ljavanja i treninga (tzv. NEET skupina) na podru\u010dju Vukovarsko-srijemske te Osje\u010dko-baranjske \u017eupanije. Navedena ciljna skupina kroz projekt je pro\u0161la kroz brojne aktivnosti uklju\u010divanja, osobnog razvoja, stru\u010dnog obrazovanja te osna\u017eivanja za uklju\u010divanje u obrazovne programe i tr\u017ei\u0161te rada. Kroz projekt su integrirane klju\u010dne komponente neformalnog i formalnog obrazovanja, osobnog pristupa u razvoju pojedinca, razvoj novih metoda i pristupa u radu s ciljanom skupinom te je oja\u010dana platforma javno-civilnog partnerstva u dugoro\u010dnoj asistenciji osoba u NEET statusu.<\/p>\n\n\n\n<p>Projekt je financiran sredstvima iz Europskog socijalnog fonda u ukupnom iznosu od 1.557.623,41 kn, a provodi se u sklopu poziva&nbsp;\u201cProna\u0111i me!\u201d \u2013 provedba aktivnosti dosega i obrazovanja neaktvnih mladih osoba u NEET statusu.<\/p>\n\n\n\n<p>Vi\u0161e informacija o ostvarenim rezultatima projekta mo\u017eete prona\u0107i u prilo\u017eenoj infografici. &nbsp;<\/p>\n\n\n\n<figure class=\"wp-block-image size-large\"><img loading=\"lazy\" decoding=\"async\" width=\"410\" height=\"1024\" src=\"https:\/\/www.ra-vsz.hr\/wp-content\/uploads\/2023\/01\/Infografika-nova-NEET-410x1024.jpg\" alt=\"\" class=\"wp-image-10018\"\/><\/figure>","protected":false},"excerpt":{"rendered":"<p>\u201cProna\u0111ena NEET\u201c je projekt \u010diji je nositelj PRONI Centra za socijalno podu\u010davanje, a partneri u istom su Razvojne agencije Vukovarsko-srijemske \u017eupanije, Pu\u010dko otvoreno u\u010dili\u0161ta Osijek, Nansen dijalog centar Osijek te podru\u010dni uredi Hrvatskoga zavoda za zapo\u0161ljavanje Vukovar i Osijek. Kroz projekt uklju\u010dene su mlade osobe u nepovoljnom polo\u017eaju, koje pripadaju skupini izvan sustava obrazovanja, zapo\u0161ljavanja [&hellip;]<\/p>","protected":false},"author":1,"featured_media":10009,"comment_status":"closed","ping_status":"open","sticky":false,"template":"","format":"standard","meta":{"_et_pb_use_builder":"off","_et_pb_old_content":"","_et_gb_content_width":"","footnotes":""},"categories":[4],"tags":[],"class_list":["post-10008","post","type-post","status-publish","format-standard","has-post-thumbnail","hentry","category-vijesti"],"_links":{"self":[{"href":"https:\/\/www.ra-vsz.hr\/en\/wp-json\/wp\/v2\/posts\/10008","targetHints":{"allow":["GET"]}}],"collection":[{"href":"https:\/\/www.ra-vsz.hr\/en\/wp-json\/wp\/v2\/posts"}],"about":[{"href":"https:\/\/www.ra-vsz.hr\/en\/wp-json\/wp\/v2\/types\/post"}],"author":[{"embeddable":true,"href":"https:\/\/www.ra-vsz.hr\/en\/wp-json\/wp\/v2\/users\/1"}],"replies":[{"embeddable":true,"href":"https:\/\/www.ra-vsz.hr\/en\/wp-json\/wp\/v2\/comments?post=10008"}],"version-history":[{"count":3,"href":"https:\/\/www.ra-vsz.hr\/en\/wp-json\/wp\/v2\/posts\/10008\/revisions"}],"predecessor-version":[{"id":10081,"href":"https:\/\/www.ra-vsz.hr\/en\/wp-json\/wp\/v2\/posts\/10008\/revisions\/10081"}],"wp:featuredmedia":[{"embeddable":true,"href":"https:\/\/www.ra-vsz.hr\/en\/wp-json\/wp\/v2\/media\/10009"}],"wp:attachment":[{"href":"https:\/\/www.ra-vsz.hr\/en\/wp-json\/wp\/v2\/media?parent=10008"}],"wp:term":[{"taxonomy":"category","embeddable":true,"href":"https:\/\/www.ra-vsz.hr\/en\/wp-json\/wp\/v2\/categories?post=10008"},{"taxonomy":"post_tag","embeddable":true,"href":"https:\/\/www.ra-vsz.hr\/en\/wp-json\/wp\/v2\/tags?post=10008"}],"curies":[{"name":"wp","href":"https:\/\/api.w.org\/{rel}","templated":true}]}}